{"id":24554,"date":"2023-05-09T22:33:25","date_gmt":"2023-05-09T20:33:25","guid":{"rendered":"https:\/\/gra-art.pl\/?p=24554"},"modified":"2023-05-15T21:57:32","modified_gmt":"2023-05-15T19:57:32","slug":"plener-rysunkowo-malarski-inspirowane-natura","status":"publish","type":"post","link":"https:\/\/gra-art.pl\/index.php\/2023\/05\/09\/plener-rysunkowo-malarski-inspirowane-natura\/","title":{"rendered":"Plener rysunkowo-malarski      Inspirowane natur\u0105     Termin  12-19 sierpnia 2023r.  Bia\u0142ka Tatrza\u0144ska"},"content":{"rendered":"<p>[et_pb_section fb_built=&#8221;1&#8243; admin_label=&#8221;section&#8221; _builder_version=&#8221;4.16&#8243; custom_margin=&#8221;-86px|||||&#8221; custom_padding=&#8221;0px|||||&#8221; global_colors_info=&#8221;{}&#8221;][et_pb_row admin_label=&#8221;row&#8221; _builder_version=&#8221;4.16&#8243; background_size=&#8221;initial&#8221; background_position=&#8221;top_left&#8221; background_repeat=&#8221;repeat&#8221; custom_padding=&#8221;0px|||||&#8221; global_colors_info=&#8221;{}&#8221;][et_pb_column type=&#8221;4_4&#8243; _builder_version=&#8221;4.16&#8243; custom_padding=&#8221;|||&#8221; global_colors_info=&#8221;{}&#8221; custom_padding__hover=&#8221;|||&#8221;][et_pb_text admin_label=&#8221;Text&#8221; _builder_version=&#8221;4.20.4&#8243; background_size=&#8221;initial&#8221; background_position=&#8221;top_left&#8221; background_repeat=&#8221;repeat&#8221; min_height=&#8221;2275.8px&#8221; global_colors_info=&#8221;{}&#8221;]<\/p>\n<p>&nbsp;<\/p>\n<p><span style=\"color: #339966; font-size: 12pt;\"><strong><em><u><img loading=\"lazy\" decoding=\"async\" src=\"https:\/\/gra-art.pl\/wp-content\/uploads\/2023\/04\/IMG_20221002_221457-300x231.jpg\" width=\"300\" height=\"231\" alt=\"\" class=\"wp-image-24455 alignnone size-medium\" \/>Zapraszam Ci\u0119 na plener rysunkowo-malarski do malowniczo po\u0142o\u017conej Bia\u0142ki Tatrza\u0144skiej. Do\u015bwiadczenie artystyczne nie jest wymagane. Plener jest dla ka\u017cdego tw\u00f3rcy (18+), w szczeg\u00f3lno\u015bci je\u015bli do tej pory nie malowa\u0142a\u015b\/e\u015b, nie rysowa\u0142a\u015b\/e\u015b i chcia\u0142aby\u015b\/chcia\u0142by\u015b rozpocz\u0105\u0107 swoj\u0105 przygod\u0119 artystyczn\u0105 b\u0105d\u017a j\u0105 wzbogaci\u0107.\u00a0 B\u0119dziemy inspirowa\u0107 si\u0119 natur\u0105, co nie znaczy, \u017ce b\u0119dziemy j\u0105 kopiowa\u0107.\u00a0 Przy okazji poznasz pi\u0119\u0107 technik rysunkowo- malarskich takich jak tusz, o\u0142\u00f3wek, suche i olejne pastele oraz <\/u><\/em><u>akryl. <\/u><\/strong><\/span><\/p>\n<p><span style=\"color: #339966; font-size: 12pt;\"><strong><u>Zamie\u0144 <em>sw\u00f3j zwyk\u0142y urlop na tydzie\u0144 tw\u00f3rczego wyra\u017cania siebie. We\u017a p\u0119dzel do r\u0119ki i daj odpocz\u0105\u0107 g\u0142owie. <\/em>\u00a0<\/u><\/strong><\/span><span style=\"color: #3366ff; font-size: 14pt;\"><strong><u><\/u><\/strong><\/span><\/p>\n<p><span style=\"color: #3366ff; font-size: 14pt;\"><strong><u>Termin:<\/u><\/strong> <\/span>12- 19 sierpnia 2023r.<\/p>\n<p>Plener rozpoczyna si\u0119 w sobot\u0119 12.08.2023r. obiadokolacj\u0105 o godzinie 17.00 i ko\u0144czy si\u0119 w sobot\u0119 19.08.2023r. \u015bniadaniem o godz. 9.00 . \u015apimy w pi\u0119knym pensjonacie na Kani\u00f3wce u Ani i Mariana. Gotuj\u0105 dla nas\u00a0 Ma\u0142gosia i Kazimierz.<\/p>\n<p><span style=\"color: #3366ff; font-size: 14pt;\"><strong><u>Miejsce pleneru:<\/u><\/strong> <\/span>Bia\u0142ka Tatrza\u0144ska, Kani\u00f3wka 11k<\/p>\n<p><span style=\"color: #3366ff; font-size: 14pt;\"><strong><u>Koszt pleneru<\/u><\/strong> <\/span>z noclegiem i wy\u017cywieniem (\u015bniadanie i obiadokolacja) wynosi:<\/p>\n<p>Wariant I:\u00a0 2.110,-\u00a0 z\u0142 (zakwaterowanie w pokojach 2,3-osobowych)<\/p>\n<p>Wariant II: 2.460,- z\u0142 (zakwaterowanie w pokoju 1-osobowym)<\/p>\n<p><span style=\"color: #3366ff; font-size: 14pt;\"><strong><u>Dojazd<\/u><\/strong><\/span> we w\u0142asnym zakresie. Na miejscu parking gratis.<\/p>\n<p>Organizacja i prowadzenie pleneru : Gra\u017cyna Stanis\u0142awska, gra-art.pl<\/p>\n<p>Organizator zastrzega sobie prawo do odwo\u0142ania pleneru przy zbyt ma\u0142ej liczbie os\u00f3b. W takim przypadku wniesiona zaliczka zostanie niezw\u0142ocznie zwr\u00f3cona uczestnikowi.<\/p>\n<p><strong><span style=\"color: #3366ff; font-size: 14pt;\">Zg\u0142oszenia:<\/span><\/strong> <a href=\"mailto:grazyna@gra-art.pl\">grazyna@gra-art.pl<\/a> lub poprzez formularz na stronie gra-art.pl<\/p>\n<p><span style=\"color: #000000;\"><strong>Warunkiem wpisania\u00a0 na list\u0119 uczestnik\u00f3w pleneru jest wniesienie w terminie do\u00a0 20.07.2023r. zaliczki w wysoko\u015bci\u00a0 500,- z\u0142 na rachunek: Gra\u017cyna Stanis\u0142awska 16 1020 1026 0000 1102 0568 4115 z podaniem\u00a0 w tytule imienia i nazwiska wraz z dopiskiem Plener Bia\u0142ka sierpie\u0144 2023r. Dop\u0142at\u0119 do zaliczki nale\u017cy wnie\u015b\u0107 najp\u00f3\u017aniej do dnia 05.08.2023r. Liczba miejsc ograniczona.<\/strong><\/span><\/p>\n<p><span style=\"font-size: 14pt; color: #3366ff;\"><strong><u>Harmonogram pleneru:<\/u><\/strong><\/span><\/p>\n<p>Pierwszy dzie\u0144 &#8211; 12.08.2023r. (sobota): od 14.00 zakwaterowanie; o 17.00 obiadokolacja, od 18.00 &#8220;poznajemy si\u0119&#8221;<\/p>\n<p>Kolejne 6 dni od 13 do 18.08.2023r. o 9.00 &#8211; \u015bniadanie; 10.00 &#8211; 16.00 malujemy i rysujemy; 17.00 &#8211; obiadokolacja;\u00a0 18.00-20.00 dodatkowe zaj\u0119cia z rysunku i malarstwa dla ch\u0119tnych.<\/p>\n<p>Ostatni dzie\u0144 &#8211; plener ko\u0144czymy 19.08.2023r. (sobota) \u015bniadaniem o 9.00\u00a0 i rozje\u017cd\u017camy si\u0119 do dom\u00f3w bogatsi o swoj\u0105 tw\u00f3rczo\u015b\u0107 i nowe znajomo\u015bci.<\/p>\n<p><span style=\"color: #3366ff;\"><strong><u>Program pleneru<\/u><\/strong><\/span> (\u0142\u0105cznie 48 godzin zaj\u0119\u0107 rysunkowo-malarskich):<\/p>\n<ol>\n<li>Zdarta p\u0142yta\u2013 \u015bwiadoma zmiana \u2013 mandala<\/li>\n<li>Prostota i moc czarnego tuszu &#8211; walor i kompozycja<\/li>\n<li>Uwa\u017cno\u015b\u0107 w rysunku. Swoboda w rysunku<\/li>\n<li>Plamy barwne i kreski &#8211; struktura obrazu<\/li>\n<li>Co bli\u017cej, co dalej \u2013\u00a0 kolory ciep\u0142e i zimne a perspektywa<\/li>\n<li>Kolory natury \u2013 jakie s\u0105 i dlaczego warto im si\u0119 przyjrze\u0107 bli\u017cej<\/li>\n<li>Obraz marze\u0144 \u2013 w harmonii z natur\u0105, w zgodzie ze sob\u0105 &#8211; wewn\u0119trzny artysta<\/li>\n<li>Indywidualne podej\u015bcie do ka\u017cdego uczestnika<\/li>\n<li>Wsp\u00f3lna wystawa.<\/li>\n<\/ol>\n<p>W trakcie pleneru b\u0119dziesz mie\u0107 okazj\u0119 do wypr\u00f3bowania r\u00f3\u017cnych technik rysunkowo malarskich jak tusz, o\u0142\u00f3wki, kolorowe kredki, cienkopisy, suche pastele i pastele olejne, farby akrylowe.<\/p>\n<p><strong><span style=\"color: #3366ff;\">Do zaj\u0119\u0107 rysunkowo-malarskich zabierz ze sob\u0105:<\/span><\/strong><\/p>\n<ul>\n<li>Szkicowniki\/bloki rysunkowe A4 , w tym jeden o gramaturze min. 250 g do tuszu<\/li>\n<li>Kilka kolorowych kartek do pasteli w formacie min. A3<\/li>\n<li>O\u0142\u00f3wki : twardy, \u015bredni, mi\u0119kki ( np. 2H, 2B, 6 lub 8B)<\/li>\n<li>Gumka chlebowa, zwyk\u0142a, temper\u00f3wka<\/li>\n<li>Cienkopisy czarne r\u00f3\u017cnej grubo\u015bci<\/li>\n<li>Kolorowe kredki, Pastele olejne i\/lub suche pastele<\/li>\n<li>Podobrazia w dowolnym formacie<\/li>\n<li>Farby akrylowe- podstawowe kolory,<\/li>\n<li>P\u0119dzle r\u00f3\u017cnej grubo\u015bci<\/li>\n<li>Szmatki\/r\u0119czniki papierowe, g\u0105bk\u0119 kuchenn\u0105, mokre chusteczki do wycierania r\u0105k,<\/li>\n<li>Fartuch lub ubranie &#8220;robocze&#8221; artysty<\/li>\n<li>Pojemniki plastikowe na wod\u0119 0,5\/1 l ,<\/li>\n<li>ma\u0142e pojemniczki na tusz np. po serkach, jogurcie lub ma\u0142a paletka plastikowa<\/li>\n<li>Paleta plastikowa lub inna<\/li>\n<li>Podk\u0142adka A3 z klipsem , dodatkowe 2-3 klipsy do przypinania kartek<\/li>\n<li>Sto\u0142ek\/krzese\u0142ko sk\u0142adane\/ poduszka<\/li>\n<li>Sztaluga przeno\u015bna\/plenerowa\/sk\u0142adana<\/li>\n<\/ul>\n<p>Oczywi\u015bcie, je\u015bli masz ochot\u0119 mo\u017cesz wybra\u0107 tylko niekt\u00f3re techniki i narz\u0119dzia rysunkowo-malarskie.<\/p>\n<p>Je\u015bli masz pytania, zadzwo\u0144 prosz\u0119 do mnie b\u0105d\u017a napisz emaila.<\/p>\n<p><span style=\"color: #3366ff;\">Plener rysunkowo-malarski to znakomita okazja do tw\u00f3rczego wyra\u017cenia siebie, do rozpoznania swoich ukrytych talent\u00f3w, do poznania innych tw\u00f3rc\u00f3w. To tak\u017ce doskona\u0142a okazja bliskiego kontaktu z pi\u0119kn\u0105 natur\u0105, kt\u00f3ra b\u0119dzie dla nas\u00a0 Wielk\u0105 Inspiracj\u0105. B\u0119dziemy tworzy\u0107 w\u015br\u00f3d g\u00f3rskich krajobraz\u00f3w nad niezwykle malowniczym potokiem \u2013 Bia\u0142k\u0105 z bezpo\u015brednim widokiem na Tatry. W trakcie pleneru b\u0119dziemy wykorzystywa\u0107 r\u00f3\u017cne techniki rysunkowe i malarskie. R\u00f3\u017cnorodno\u015b\u0107 technik pozwoli na wyszukanie ulubionej dla siebie. W razie pogorszenia pogody przeniesiemy swoje warsztaty tw\u00f3rcze do pensjonatu, w kt\u00f3rym nocujemy.<\/span><\/p>\n<p><span style=\"color: #3366ff;\">Zapraszam serdecznie ka\u017cdego tw\u00f3rc\u0119. Do\u015bwiadczenie rysunkowo-malarskie nie jest wymagane. Pozw\u00f3l sobie wyrazi\u0107 siebie lini\u0105 i kolorem.\u00a0 Daj odpocz\u0105\u0107 g\u0142owie. Otw\u00f3rz swoj\u0105 skrzyni\u0119 ze skarbami.<\/span><\/p>\n<p><span style=\"color: #3366ff;\">Ju\u017c si\u0119 nie mog\u0119 doczeka\u0107 na wsp\u00f3lne rysowanie i malowanie.<\/span><\/p>\n<p><span style=\"color: #3366ff;\">ps. B\u0119dziemy w g\u00f3rach, zabierz ze sob\u0105 odpowiednie ubrania i buty<\/span><\/p>\n<p><span style=\"color: #3366ff;\">ps. Korzy\u015bci z pleneru dla Ciebie: rozpoczniesz kolejny etap tw\u00f3rcy, poznasz nowy spos\u00f3b relaksacji i medytacji, do\u015bwiadczysz pi\u0119ciu technik rysunkowo-malarskich, przyjrzysz si\u0119 bli\u017cej sobie, a przy okazji spotkasz si\u0119 z\u00a0 innymi tw\u00f3rcami.<\/span><\/p>\n<p>&nbsp;<\/p>\n<p>[\/et_pb_text][\/et_pb_column][\/et_pb_row][\/et_pb_section]<\/p>\n","protected":false},"excerpt":{"rendered":"<p>&nbsp; Zapraszam Ci\u0119 na plener rysunkowo-malarski do malowniczo po\u0142o\u017conej Bia\u0142ki Tatrza\u0144skiej. Do\u015bwiadczenie artystyczne nie jest wymagane. Plener jest dla ka\u017cdego tw\u00f3rcy (18+), w szczeg\u00f3lno\u015bci je\u015bli do tej pory nie malowa\u0142a\u015b\/e\u015b, [&hellip;]<\/p>\n","protected":false},"author":1,"featured_media":24549,"comment_status":"open","ping_status":"open","sticky":false,"template":"","format":"standard","meta":{"_et_pb_use_builder":"on","_et_pb_old_content":"<span style=\"color: #339966; font-size: 12pt;\"><strong><em><u>Rysunek i malowanie jest dla mnie jak medytacja - gdy maluj\u0119, odpoczywa g\u0142owa, a ja przenosz\u0119 si\u0119 do wewn\u0119trznego ogrodu, gdzie s\u0105 i pi\u0119kne kwiaty i chwasty te\u017c si\u0119 zdarzaj\u0105 -\u00a0 Zapraszam Ci\u0119 na wsp\u00f3lne malowanie i rysowanie niezale\u017cnie od dotychczasowego do\u015bwiadczenia artystycznego.\u00a0 Pozw\u00f3l sobie wyrazi\u0107 si\u0119 tw\u00f3rczo.<\/u><\/em><\/strong><\/span>\r\n\r\n<span style=\"color: #3366ff; font-size: 14pt;\"><strong><u>Termin:<\/u><\/strong> <\/span>12- 19 sierpnia 2023r.\r\n\r\nPlener rozpoczyna si\u0119 w sobot\u0119 12.08.2023r. obiadokolacj\u0105 o godzinie 17.00 i ko\u0144czy si\u0119 w sobot\u0119 19.08.2023r. \u015bniadaniem o godz. 9.00 . \u015apimy w pi\u0119knym pensjonacie na Kani\u00f3wce u Ani i Mariana. Gotuj\u0105 dla nas\u00a0 Ma\u0142gosia i Kazimierz.\r\n\r\n<span style=\"color: #3366ff; font-size: 14pt;\"><strong><u>Miejsce pleneru:<\/u><\/strong> <\/span>Bia\u0142ka Tatrza\u0144ska, Kani\u00f3wka, Kurnat\u00f3wka 11k\r\n\r\n<span style=\"color: #3366ff; font-size: 14pt;\"><strong><u>Koszt pleneru<\/u><\/strong> <\/span>z noclegiem i wy\u017cywieniem (\u015bniadanie i obiadokolacja) wynosi:\r\n\r\nWariant I:\u00a0 2.110,-\u00a0 z\u0142 (zakwaterowanie w pokojach 2,3-osobowych)\r\n\r\nWariant II: 2.460,- z\u0142 (zakwaterowanie w pokoju 1-osobowym)\r\n\r\n<span style=\"color: #3366ff; font-size: 14pt;\"><strong><u>Dojazd<\/u><\/strong><\/span> we w\u0142asnym zakresie. Na miejscu parking gratis.\r\n\r\nOrganizacja i prowadzenie pleneru : Gra\u017cyna Stanis\u0142awska, gra-art.pl\r\n\r\nOrganizator zastrzega sobie prawo do odwo\u0142ania pleneru przy zbyt ma\u0142ej liczbie os\u00f3b. W takim przypadku wniesiona zaliczka zostanie niezw\u0142ocznie zwr\u00f3cona uczestnikowi.\r\n\r\n<strong><span style=\"color: #3366ff; font-size: 14pt;\">Zg\u0142oszenia:<\/span><\/strong> <a href=\"mailto:grazyna@gra-art.pl\">grazyna@gra-art.pl<\/a> lub poprzez formularz na stronie gra-art.pl\r\n\r\n<span style=\"color: #000000;\"><strong>Warunkiem wpisania\u00a0 na list\u0119 uczestnik\u00f3w pleneru jest wniesienie w terminie do\u00a0 30.06.2023r. zaliczki w wysoko\u015bci\u00a0 500,- na rachunek: Gra\u017cyna Stanis\u0142awska 16 1020 1026 0000 1102 0568 4115 z podaniem\u00a0 w tytule imienia i nazwiska wraz z dopiskiem Plener Bia\u0142ka sierpie\u0144 2023r. Dop\u0142at\u0119 do zaliczki nale\u017cy wnie\u015b\u0107 najp\u00f3\u017aniej do dnia 05.08.2023r.<\/strong><\/span>\r\n\r\n<span style=\"font-size: 14pt; color: #3366ff;\"><strong><u>Harmonogram pleneru:<\/u><\/strong><\/span>\r\n\r\nPierwszy dzie\u0144 - 12.08.2023r. (sobota): od 14.00 zakwaterowanie; o 17.00 obiadokolacja, od 18.00 \"poznajemy si\u0119\"\r\n\r\nKolejne 6 dni od 13 do 18.08.2023r. o 9.00 - \u015bniadanie; 10.00 - 16.00 malujemy i rysujemy; 17.00 - obiadokolacja;\u00a0 18.00-20.00 dodatkowe zaj\u0119cia z rysunku i malarstwa dla ch\u0119tnych.\r\n\r\nOstatni dzie\u0144 - plener ko\u0144czymy 19.08.2023r. (sobota) \u015bniadaniem o 9.00\u00a0 i rozje\u017cd\u017camy si\u0119 do dom\u00f3w bogatsi o swoj\u0105 tw\u00f3rczo\u015b\u0107 i nowe znajomo\u015bci.\r\n<table style=\"width: 2.51063%; height: 253px;\" width=\"493\">\r\n<tbody>\r\n<tr style=\"height: 23px;\">\r\n<td style=\"height: 23px; width: 73.7313%;\" colspan=\"2\" width=\"310\"><\/td>\r\n<td style=\"height: 23px; width: 41.6667%;\" width=\"83\"><\/td>\r\n<td style=\"height: 23px; width: 228.783%;\" width=\"100\"><\/td>\r\n<\/tr>\r\n<tr style=\"height: 23px;\">\r\n<td style=\"height: 23px; width: 73.7313%;\" colspan=\"2\" width=\"310\"><\/td>\r\n<td style=\"height: 23px; width: 41.6667%;\" width=\"83\"><\/td>\r\n<td style=\"height: 23px; width: 228.783%;\" width=\"100\"><\/td>\r\n<\/tr>\r\n<tr style=\"height: 23px;\">\r\n<td style=\"height: 23px; width: 51.5091%;\" width=\"305\"><\/td>\r\n<td style=\"height: 23px; width: 22.2222%;\" width=\"6\"><\/td>\r\n<td style=\"height: 23px; width: 41.6667%;\" width=\"83\"><\/td>\r\n<td style=\"height: 23px; width: 228.783%;\" width=\"100\"><\/td>\r\n<\/tr>\r\n<tr style=\"height: 23px;\">\r\n<td style=\"height: 23px; width: 73.7313%;\" colspan=\"2\" width=\"310\"><\/td>\r\n<td style=\"height: 23px; width: 41.6667%;\" width=\"83\"><\/td>\r\n<td style=\"height: 23px; width: 228.783%;\" width=\"100\"><\/td>\r\n<\/tr>\r\n<tr style=\"height: 23px;\">\r\n<td style=\"height: 23px; width: 344.181%;\" colspan=\"4\" width=\"493\"><\/td>\r\n<\/tr>\r\n<tr style=\"height: 23px;\">\r\n<td style=\"height: 23px; width: 51.5091%;\" width=\"305\"><\/td>\r\n<td style=\"height: 23px; width: 22.2222%;\" width=\"6\"><\/td>\r\n<td style=\"height: 23px; width: 41.6667%;\" width=\"83\"><\/td>\r\n<td style=\"height: 23px; width: 228.783%;\" width=\"100\"><\/td>\r\n<\/tr>\r\n<tr style=\"height: 23px;\">\r\n<td style=\"height: 23px; width: 73.7313%;\" colspan=\"2\" width=\"310\"><\/td>\r\n<td style=\"height: 23px; width: 41.6667%;\" width=\"83\"><\/td>\r\n<td style=\"height: 23px; width: 228.783%;\" width=\"100\"><\/td>\r\n<\/tr>\r\n<tr style=\"height: 23px;\">\r\n<td style=\"height: 23px; width: 51.5091%;\" width=\"305\"><\/td>\r\n<td style=\"height: 23px; width: 22.2222%;\" width=\"6\"><\/td>\r\n<td style=\"height: 23px; width: 41.6667%;\" width=\"83\"><\/td>\r\n<td style=\"height: 23px; width: 228.783%;\" width=\"100\"><\/td>\r\n<\/tr>\r\n<tr style=\"height: 23px;\">\r\n<td style=\"height: 23px; width: 73.7313%;\" colspan=\"2\" width=\"310\"><\/td>\r\n<td style=\"height: 23px; width: 41.6667%;\" width=\"83\"><\/td>\r\n<td style=\"height: 23px; width: 228.783%;\" width=\"100\"><\/td>\r\n<\/tr>\r\n<tr style=\"height: 23px;\">\r\n<td style=\"height: 23px; width: 344.181%;\" colspan=\"4\" width=\"493\"><\/td>\r\n<\/tr>\r\n<tr style=\"height: 23px;\">\r\n<td style=\"height: 23px; width: 344.181%;\" colspan=\"4\" width=\"493\"><\/td>\r\n<\/tr>\r\n<\/tbody>\r\n<\/table>\r\n<span style=\"color: #3366ff;\"><strong><u>Program pleneru<\/u><\/strong><\/span> (\u0142\u0105cznie 48 godzin zaj\u0119\u0107 rysunkowo-malarskich):\r\n<ol>\r\n \t<li>Zdarta p\u0142yta\u2013 \u015bwiadoma zmiana \u2013 mandala<\/li>\r\n \t<li>Prostota i moc czarnego tuszu - walor i kompozycja<\/li>\r\n \t<li>Uwa\u017cno\u015b\u0107 w rysunku. Swoboda w rysunku<\/li>\r\n \t<li>Plamy barwne i kreski - struktura obrazu<\/li>\r\n \t<li>Co bli\u017cej, co dalej \u2013\u00a0 kolory ciep\u0142e i zimne a perspektywa<\/li>\r\n \t<li>Kolory natury \u2013 jakie s\u0105 i dlaczego warto im si\u0119 przyjrze\u0107 bli\u017cej<\/li>\r\n \t<li>Obraz marze\u0144 \u2013 w harmonii z natur\u0105, w zgodzie ze sob\u0105 - wewn\u0119trzny artysta<\/li>\r\n \t<li>Indywidualne podej\u015bcie do ka\u017cdego uczestnika<\/li>\r\n \t<li>Wsp\u00f3lna wystawa.<\/li>\r\n<\/ol>\r\n<strong><span style=\"color: #3366ff;\">Do zaj\u0119\u0107 rysunkowo-malarskich nale\u017cy zabra\u0107 ze sob\u0105:<\/span><\/strong>\r\n<ul>\r\n \t<li>Szkicowniki\/bloki rysunkowe A4 , w tym jeden o gramaturze min. 250 g do tuszu<\/li>\r\n \t<li>Kilka kolorowych kartek do pasteli w formacie min. A3<\/li>\r\n \t<li>O\u0142\u00f3wki : twardy, \u015bredni, mi\u0119kki ( np. 2H, 2B, 6 lub 8B)<\/li>\r\n \t<li>Gumka chlebowa, zwyk\u0142a, temper\u00f3wka<\/li>\r\n \t<li>Cienkopisy czarne r\u00f3\u017cnej grubo\u015bci<\/li>\r\n \t<li>Kolorowe kredki, Pastele olejne i\/lub suche pastele<\/li>\r\n \t<li>Podobrazia w dowolnym formacie<\/li>\r\n \t<li>Farby akrylowe- podstawowe kolory,<\/li>\r\n \t<li>P\u0119dzle r\u00f3\u017cnej grubo\u015bci<\/li>\r\n \t<li>Szmatki\/r\u0119czniki papierowe, g\u0105bk\u0119 kuchenn\u0105, mokre chusteczki do wycierania r\u0105k,<\/li>\r\n \t<li>Fartuch lub ubranie \"robocze\" artysty<\/li>\r\n \t<li>Pojemniki plastikowe na wod\u0119 0,5\/1 l ,<\/li>\r\n \t<li>ma\u0142e pojemniczki na tusz np. po serkach, jogurcie lub ma\u0142a paletka plastikowa<\/li>\r\n \t<li>Paleta plastikowa lub inna<\/li>\r\n \t<li>Podk\u0142adka A3 z klipsem , dodatkowe 2-3 klipsy do przypinania kartek<\/li>\r\n \t<li>Sto\u0142ek\/krzese\u0142ko sk\u0142adane\/ poduszka<\/li>\r\n \t<li>Sztaluga przeno\u015bna\/plenerowa\/sk\u0142adana<\/li>\r\n<\/ul>\r\n<span style=\"color: #3366ff;\">Plener rysunkowo-malarski to znakomita okazja do tw\u00f3rczego wyra\u017cenia siebie, do rozpoznania swoich ukrytych talent\u00f3w, do poznania innych tw\u00f3rc\u00f3w. To tak\u017ce doskona\u0142a okazja bliskiego kontaktu z pi\u0119kn\u0105 natur\u0105, kt\u00f3ra b\u0119dzie dla nas\u00a0 Wielk\u0105 Inspiracj\u0105. B\u0119dziemy tworzy\u0107 w\u015br\u00f3d g\u00f3rskich krajobraz\u00f3w nad niezwykle malowniczym potokiem \u2013 Bia\u0142k\u0105 z bezpo\u015brednim widokiem na Tatry. W trakcie pleneru b\u0119dziemy wykorzystywa\u0107 r\u00f3\u017cne techniki rysunkowe i malarskie. R\u00f3\u017cnorodno\u015b\u0107 technik pozwoli na wyszukanie ulubionej dla siebie. W razie pogorszenia pogody przeniesiemy swoje warsztaty tw\u00f3rcze do pensjonatu, w kt\u00f3rym nocujemy.<\/span>\r\n\r\n<span style=\"color: #3366ff;\">Zapraszam serdecznie ka\u017cdego tw\u00f3rc\u0119. Do\u015bwiadczenie rysunkowo-malarskie nie jest wymagane. Pozw\u00f3l sobie wyrazi\u0107 siebie lini\u0105 i kolorem.\u00a0 Daj odpocz\u0105\u0107 g\u0142owie. Otw\u00f3rz swoj\u0105 skrzyni\u0119 ze skarbami.<\/span>\r\n\r\n<span style=\"color: #3366ff;\">Ju\u017c si\u0119 nie mog\u0119 doczeka\u0107 na wsp\u00f3lne rysowanie i malowanie .<\/span>","_et_gb_content_width":"","footnotes":""},"categories":[12],"tags":[],"class_list":["post-24554","post","type-post","status-publish","format-standard","has-post-thumbnail","hentry","category-plenery-malarskie"],"_links":{"self":[{"href":"https:\/\/gra-art.pl\/index.php\/wp-json\/wp\/v2\/posts\/24554","targetHints":{"allow":["GET"]}}],"collection":[{"href":"https:\/\/gra-art.pl\/index.php\/wp-json\/wp\/v2\/posts"}],"about":[{"href":"https:\/\/gra-art.pl\/index.php\/wp-json\/wp\/v2\/types\/post"}],"author":[{"embeddable":true,"href":"https:\/\/gra-art.pl\/index.php\/wp-json\/wp\/v2\/users\/1"}],"replies":[{"embeddable":true,"href":"https:\/\/gra-art.pl\/index.php\/wp-json\/wp\/v2\/comments?post=24554"}],"version-history":[{"count":12,"href":"https:\/\/gra-art.pl\/index.php\/wp-json\/wp\/v2\/posts\/24554\/revisions"}],"predecessor-version":[{"id":24709,"href":"https:\/\/gra-art.pl\/index.php\/wp-json\/wp\/v2\/posts\/24554\/revisions\/24709"}],"wp:featuredmedia":[{"embeddable":true,"href":"https:\/\/gra-art.pl\/index.php\/wp-json\/wp\/v2\/media\/24549"}],"wp:attachment":[{"href":"https:\/\/gra-art.pl\/index.php\/wp-json\/wp\/v2\/media?parent=24554"}],"wp:term":[{"taxonomy":"category","embeddable":true,"href":"https:\/\/gra-art.pl\/index.php\/wp-json\/wp\/v2\/categories?post=24554"},{"taxonomy":"post_tag","embeddable":true,"href":"https:\/\/gra-art.pl\/index.php\/wp-json\/wp\/v2\/tags?post=24554"}],"curies":[{"name":"wp","href":"https:\/\/api.w.org\/{rel}","templated":true}]}}