{"id":24741,"date":"2023-05-25T19:53:28","date_gmt":"2023-05-25T17:53:28","guid":{"rendered":"https:\/\/gra-art.pl\/?p=24741"},"modified":"2023-06-19T19:36:36","modified_gmt":"2023-06-19T17:36:36","slug":"akwarela-dla-poczatkujacych-warsztaty-wyjazdowe-bialka-tatrzanska-16-23-wrzesnia-2023r","status":"publish","type":"post","link":"https:\/\/gra-art.pl\/index.php\/2023\/05\/25\/akwarela-dla-poczatkujacych-warsztaty-wyjazdowe-bialka-tatrzanska-16-23-wrzesnia-2023r\/","title":{"rendered":"Akwarela dla pocz\u0105tkuj\u0105cych &#8211; warsztaty wyjazdowe &#8211; Bia\u0142ka Tatrza\u0144ska &#8211; 16-23 wrze\u015bnia 2023r."},"content":{"rendered":"<p><img loading=\"lazy\" decoding=\"async\" class=\"alignright size-medium wp-image-24755\" src=\"https:\/\/gra-art.pl\/wp-content\/uploads\/2023\/05\/DSC3831-230426Jablka-maly-format-300x200.jpg\" alt=\"\" width=\"300\" height=\"200\" \/><\/p>\n<p><strong><span style=\"color: #0000ff;\">Zapraszam Ci\u0119<\/span> na tygodniowe warsztaty akwarelowe. Motywem przewodnim b\u0119d\u0105 nasycone s\u0142o\u0144cem winogrona, soczyste jab\u0142ka i brzuchate gruszki o kobiecym kszta\u0142cie. \u00a0To doskona\u0142a inspiracja do rozpocz\u0119cia przygody z akwarel\u0105. Uzupe\u0142nieniem b\u0119d\u0105 jesienne li\u015bcie, kt\u00f3re zachwycaj\u0105 bogactwem kolor\u00f3w i kszta\u0142t\u00f3w o tej porze roku.<\/strong><\/p>\n<p><strong>Plenerowe warsztaty akwarelowe przeznaczone s\u0105 dla ka\u017cdego (18+) kto chcia\u0142by rozpocz\u0105\u0107 swoj\u0105 podr\u00f3\u017c z akwarel\u0105. Warsztaty\u00a0 prowadz\u0119 na poziomie podstawowym z indywidualnym podej\u015bciem do ka\u017cdego uczestnika.<\/strong><\/p>\n<p><strong>Nie potrzebujesz \u017cadnego do\u015bwiadczenia, wystarczy ch\u0119\u0107 do nauki i odkrywania nowych umiej\u0119tno\u015bci.<\/strong><\/p>\n<p><strong>Zamie\u0144 laptopa na p\u0119dzel i odpocznij w g\u00f3rach z p\u0119dzlem w r\u0119ku! <\/strong><\/p>\n<p><strong>Wyra\u017a siebie tw\u00f3rczo.\u00a0<\/strong><\/p>\n<p><span style=\"color: #0000ff;\"><strong><u>Termin:<\/u><\/strong><\/span> 16-23 wrze\u015bnia 2023r.<\/p>\n<p>Warsztaty plenerowe rozpoczynaj\u0105 si\u0119 w sobot\u0119 16.09.2023r. obiadokolacj\u0105 o godzinie 17.00 i ko\u0144cz\u0105 si\u0119 w sobot\u0119 23.09.2023r. \u015bniadaniem o godz. 9.00 . \u015apimy w pi\u0119knym pensjonacie na Kani\u00f3wce u Ani i Mariana. Gotuj\u0105 dla nas\u00a0 Ma\u0142gosia i Kazimierz.<\/p>\n<p><span style=\"color: #0000ff;\"><strong><u>Miejsce pleneru:<\/u><\/strong><\/span> Bia\u0142ka Tatrza\u0144ska, Kani\u00f3wka, 11k<\/p>\n<p><span style=\"color: #0000ff;\"><strong><u>Koszt pleneru akwarelowego<\/u><\/strong><\/span> z noclegiem i wy\u017cywieniem (\u015bniadanie i obiadokolacja) wynosi:<\/p>\n<p>Wariant I:\u00a0 1.750,-\u00a0 z\u0142 (zakwaterowanie w pokojach 2,3-osobowych)<\/p>\n<p>Wariant II: 2.030,- z\u0142 (zakwaterowanie w pokoju 1-osobowym)<\/p>\n<p><strong><u>Dojazd<\/u><\/strong> we w\u0142asnym zakresie. Na miejscu parking gratis.<\/p>\n<p>Organizacja i prowadzenie warsztatu plenerowego : Gra\u017cyna Stanis\u0142awska, gra-art.pl<\/p>\n<p>Organizator zastrzega sobie prawo do odwo\u0142ania pleneru przy zbyt ma\u0142ej liczbie os\u00f3b. W takim przypadku wniesiona zaliczka zostanie niezw\u0142ocznie zwr\u00f3cona uczestnikowi.<\/p>\n<p>Zapraszam do kontaktu i rezerwacji miejsca.<\/p>\n<p>Zg\u0142oszenia do dnia 31.08.2023r.: <a href=\"mailto:grazyna@gra-art.pl\">grazyna@gra-art.pl<\/a> lub poprzez formularz na stronie gra-art.pl<\/p>\n<p><strong>Warunkiem wpisania\u00a0 na list\u0119 uczestnik\u00f3w pleneru jest wniesienie w terminie do\u00a0 31.08.2023r. zaliczki w wysoko\u015bci\u00a0 500,- z\u0142 na rachunek Gra\u017cyna Stanis\u0142awska 16 1020 1026 0000 1102 0568 4115 z podaniem\u00a0 w tytule imienia i nazwiska wraz z dopiskiem Akwarela Bia\u0142ka wrzesie\u0144 2023r. Dop\u0142at\u0119 do zaliczki nale\u017cy wnie\u015b\u0107 najp\u00f3\u017aniej do dnia 15.09.2023r.<\/strong><\/p>\n<p><span style=\"color: #0000ff;\"><strong><u>Harmonogram pleneru:<\/u><\/strong><\/span><\/p>\n<p>Pierwszy dzie\u0144- 16.09.2023r. (sobota) od 14.00 \u2013zakwaterowanie, o 17.00-obiadokolacja, od 18.00 \u2013 \u201epoznajemy si\u0119\u201d.<\/p>\n<p>Kolejne dni: od 17.09.2023r. (niedziela) do 22.09.2023r. (pi\u0105tek)<\/p>\n<p>9.00 \u2013 \u015bniadanie<\/p>\n<p>10.00-16.00 \u2013 warsztaty akwarelowe<\/p>\n<p>17.00 \u2013 obiadokolacja<\/p>\n<p>18.30 -19.30 dodatkowe zaj\u0119cia<\/p>\n<p>Si\u00f3dmego dnia (pi\u0105tek) \u2013 indywidualne om\u00f3wienie prac oraz wsp\u00f3lna wystawa<\/p>\n<p>Plener ko\u0144czymy 23.09.2023r. (sobota) \u015bniadaniem o 9.00.<\/p>\n<p><span style=\"color: #0000ff;\"><strong><u>Program warsztat\u00f3w akwarelowych<\/u><\/strong><\/span> obejmuje:<\/p>\n<ul>\n<li>36 godzin przeznaczonych na praktyk\u0119 akwarelow\u0105 od podstaw i szukanie w\u0142asnego stylu, stworzysz akwarelowe zak\u0142adki do ksi\u0105\u017cek, ma\u0142e ilustracje oraz wi\u0119ksze prace na r\u00f3\u017cnych papierach akwarelowych,<\/li>\n<li>6 godzin wyk\u0142ad\u00f3w, podczas kt\u00f3rych om\u00f3wi\u0119 pi\u0119\u0107 skarb\u00f3w akwareli czyli wod\u0119, papier oraz p\u0119dzle i farby do akwareli a tak\u017ce relacj\u0119 mi\u0119dzy nimi (je\u015bli teraz zapytasz o pi\u0105ty Skarb, to pi\u0105tym Skarbem jeste\u015b Ty J). Om\u00f3wi\u0119 przestrze\u0144 kartki i kompozycj\u0119, \u015bwiat\u0142o i struktur\u0119 w akwareli, rozmyte i ostre kraw\u0119dzie, malowanie negatywowe. B\u0119dzie tak\u017ce wyk\u0142ad o kole barw.<\/li>\n<\/ul>\n<p><span style=\"color: #0000ff;\"><u>Na plener akwarelowy zabierz ze sob\u0105:<\/u><\/span><\/p>\n<ul>\n<li>Papier akwarelowy ma\u0142y w kwadracie, np. 14&#215;14 i\/lub w formacie A5, CP (prasowany na zimno), mo\u017ce by\u0107 w 100% wykonany z celulozy, o gramaturze min. 200 g\/m<sup>2<\/sup><\/li>\n<li>Papier akwarelowy bawe\u0142niany drobnoziarnisty CP w formacie ok. A4 i\/lub A3 o gramaturze 300 g\/m<sup>2<\/sup> , ewentualnie mieszany bawe\u0142niano-celulozowy<\/li>\n<li>Papier akwarelowy HP (prasowany na gor\u0105co) bawe\u0142niany w formacie A4 o gramaturze 300 g\/m<sup>2<\/sup><\/li>\n<li>Farby akwarelowe \u2013 wystarcz\u0105 podstawowe kolory<\/li>\n<li>P\u0119dzle do akwareli te kt\u00f3re ju\u017c masz, je\u015bli nie masz potrzebny b\u0119dzie p\u0119dzel okr\u0105g\u0142y \u015bredni, p\u0142aski oraz typu mop,<\/li>\n<li>Palet\u0119 do farb akwarelowych lub talerzyk bia\u0142y porcelanowy,<\/li>\n<li>R\u0119czniki papierowe, g\u0105bk\u0119 kuchenn\u0105, s\u00f3l kuchenn\u0105 w ma\u0142ym pude\u0142eczku, arkusz papieru do pieczenia, torebk\u0119 foliow\u0105, kawa\u0142ek g\u0105bki naturalnej, kawa\u0142ek bia\u0142ej \u015bwiecy, ewentualnie p\u0142yn maskuj\u0105cy (niekoniecznie)<\/li>\n<li>Buteleczka z atomizerem np. po zu\u017cytej wodzie r\u00f3\u017canejJ<\/li>\n<li>Pojemniki plastikowe na wod\u0119 0,5\/1 l ,<\/li>\n<li>Podk\u0142adka A3 z klipsem, plexi A3<\/li>\n<li>Ta\u015bma malarska np. \u017c\u00f3\u0142ta szer. 2,5 cm<\/li>\n<li>Sto\u0142ek\/krzese\u0142ko sk\u0142adane<\/li>\n<\/ul>\n<p>Je\u015bli dopiero rozpoczynasz przygod\u0119 z akwarel\u0105\u00a0 i nie wiesz jaki blok, p\u0119dzle i farby kupi\u0107 \u2013 mo\u017cesz do mnie zadzwoni\u0107.<\/p>\n<p>Je\u015bli pogoda dopisze b\u0119dziemy malowa\u0107 w terenie, je\u015bli nie, b\u0119dziemy malowa\u0107 w pensjonacie, w kt\u00f3rym nocujemy.<\/p>\n<p><span style=\"color: #0000ff;\">p.s.<\/span> zdradz\u0119 Ci szeptem tajemnic\u0119 czego nauczy\u0142a mnie akwarela: strategii i planowania, dokonywania wybor\u00f3w, a jednocze\u015bnie odpuszczania, lekko\u015bci i pozwalania aby samo si\u0119 dzia\u0142o. No i cierpliwo\u015bci. I wci\u0105\u017c mnie uczy.<\/p>\n<p><span style=\"color: #0000ff;\">p.s.<\/span> pami\u0119tasz? B\u0119dziemy w g\u00f3rach i to we wrze\u015bniu, zabierz ze sob\u0105 odpowiednie ubrania i obuwie J.<\/p>\n","protected":false},"excerpt":{"rendered":"<p>Zapraszam Ci\u0119 na tygodniowe warsztaty akwarelowe. Motywem przewodnim b\u0119d\u0105 nasycone s\u0142o\u0144cem winogrona, soczyste jab\u0142ka i brzuchate gruszki o kobiecym kszta\u0142cie. \u00a0To doskona\u0142a inspiracja do rozpocz\u0119cia przygody z akwarel\u0105. Uzupe\u0142nieniem b\u0119d\u0105 [&hellip;]<\/p>\n","protected":false},"author":1,"featured_media":24502,"comment_status":"open","ping_status":"open","sticky":false,"template":"","format":"standard","meta":{"_et_pb_use_builder":"","_et_pb_old_content":"","_et_gb_content_width":"","footnotes":""},"categories":[12],"tags":[],"class_list":["post-24741","post","type-post","status-publish","format-standard","has-post-thumbnail","hentry","category-plenery-malarskie"],"_links":{"self":[{"href":"https:\/\/gra-art.pl\/index.php\/wp-json\/wp\/v2\/posts\/24741","targetHints":{"allow":["GET"]}}],"collection":[{"href":"https:\/\/gra-art.pl\/index.php\/wp-json\/wp\/v2\/posts"}],"about":[{"href":"https:\/\/gra-art.pl\/index.php\/wp-json\/wp\/v2\/types\/post"}],"author":[{"embeddable":true,"href":"https:\/\/gra-art.pl\/index.php\/wp-json\/wp\/v2\/users\/1"}],"replies":[{"embeddable":true,"href":"https:\/\/gra-art.pl\/index.php\/wp-json\/wp\/v2\/comments?post=24741"}],"version-history":[{"count":3,"href":"https:\/\/gra-art.pl\/index.php\/wp-json\/wp\/v2\/posts\/24741\/revisions"}],"predecessor-version":[{"id":24758,"href":"https:\/\/gra-art.pl\/index.php\/wp-json\/wp\/v2\/posts\/24741\/revisions\/24758"}],"wp:featuredmedia":[{"embeddable":true,"href":"https:\/\/gra-art.pl\/index.php\/wp-json\/wp\/v2\/media\/24502"}],"wp:attachment":[{"href":"https:\/\/gra-art.pl\/index.php\/wp-json\/wp\/v2\/media?parent=24741"}],"wp:term":[{"taxonomy":"category","embeddable":true,"href":"https:\/\/gra-art.pl\/index.php\/wp-json\/wp\/v2\/categories?post=24741"},{"taxonomy":"post_tag","embeddable":true,"href":"https:\/\/gra-art.pl\/index.php\/wp-json\/wp\/v2\/tags?post=24741"}],"curies":[{"name":"wp","href":"https:\/\/api.w.org\/{rel}","templated":true}]}}